{"id":2664,"date":"2026-09-04T02:50:16","date_gmt":"2026-09-04T02:50:16","guid":{"rendered":"https:\/\/alapsi.org\/?p=2664"},"modified":"2026-09-04T02:57:35","modified_gmt":"2026-09-04T02:57:35","slug":"foro-internacional-de-inteligencia-artificial-y-ciberseguridad","status":"publish","type":"post","link":"https:\/\/alapsi.org\/?p=2664","title":{"rendered":"Foro\u00a0Internacional de\u00a0Inteligencia\u00a0Artificial y\u00a0Ciberseguridad"},"content":{"rendered":"\n<p class=\"wp-block-paragraph\">Este evento, consolidado como el m\u00e1s grande del a\u00f1o en su categor\u00eda, re\u00fane a expertos internacionales y entusiastas de la tecnolog\u00eda bajo el lema &#8220;Aprende, Practica, Transforma.&#8221; Se llevar\u00e1 a cabo el <strong>11 de septiembre de 2026<\/strong> en el <strong>Centro Universitario Hidalguense en Pachuca, Hidalgo, M\u00e9xico.<\/strong><\/p>\n\n\n\n<p class=\"wp-block-paragraph\">El FIIC 2026 se define por su enfoque pr\u00e1ctico y educativo, ofreciendo una serie de <strong>talleres pr\u00e1cticos con cupos limitados<\/strong> dise\u00f1ados para diversos niveles t\u00e9cnicos (con \u00e9nfasis en nivel b\u00e1sico para esta edici\u00f3n). El programa de talleres incluye:<\/p>\n\n\n\n<ul class=\"wp-block-list\">\n<li><strong>Generaciones Ciberseguras:<\/strong> Un an\u00e1lisis sobre la Gen Z y Gen Alpha por Mario Ure\u00f1a Garc\u00eda.<\/li>\n\n\n\n<li><strong>Diversidad en Ciberseguridad:<\/strong> &#8220;Cybersecurity Has No Gender, No Age, No Borders&#8221;, impartido por Emma Ure\u00f1a Garc\u00eda (WOMCY).<\/li>\n\n\n\n<li><strong>Prevenci\u00f3n de Riesgos:<\/strong> Identificaci\u00f3n y prevenci\u00f3n de riesgos adictivos con las IAs, por Chicahuac Vazquez (Ciberpsic\u00f3logo).<\/li>\n\n\n\n<li><strong>IA Aplicada:<\/strong> Taller &#8220;Detectives de datos: Domina Big Data e IA armando tu primer tablero interactivo&#8221;, por Maricarmen Garc\u00eda de Ure\u00f1a (CISO).<\/li>\n\n\n\n<li><strong>Diagn\u00f3stico Digital:<\/strong> &#8220;Todo en todas partes al mismo tiempo&#8230; fallando: anatom\u00eda del caos digital&#8221;, por Mario Ure\u00f1a Cuate (Auditor).<\/li>\n<\/ul>\n\n\n\n<p class=\"wp-block-paragraph\">M\u00e1s all\u00e1 de lo acad\u00e9mico, el foro integra un gran fan fest denominado <strong>CONECTATECH<\/strong>, invitando a los asistentes a &#8220;vivir el futuro.&#8221; El evento busca empoderar a los participantes con el conocimiento necesario para transformar su futuro digital en un entorno seguro e innovador.<\/p>\n\n\n\n<p class=\"wp-block-paragraph\"><a href=\"https:\/\/luma.com\/s9pe4p6k\" data-type=\"link\" data-id=\"https:\/\/luma.com\/s9pe4p6k\">Reg\u00edstrate aqu\u00ed <\/a><\/p>\n","protected":false},"excerpt":{"rendered":"<p>Este evento, consolidado como el m\u00e1s grande del a\u00f1o en su categor\u00eda, re\u00fane a expertos internacionales y entusiastas de la tecnolog\u00eda bajo el lema &#8220;Aprende, Practica, Transforma.&#8221; Se llevar\u00e1 a cabo el 11 de septiembre de 2026 en el Centro Universitario Hidalguense en Pachuca, Hidalgo, M\u00e9xico. El FIIC 2026 se define por su enfoque pr\u00e1ctico&#8230;<\/p>\n","protected":false},"author":5,"featured_media":2665,"comment_status":"open","ping_status":"open","sticky":false,"template":"","format":"standard","meta":{"_kadence_starter_templates_imported_post":false,"_kad_post_transparent":"","_kad_post_title":"","_kad_post_layout":"","_kad_post_sidebar_id":"","_kad_post_content_style":"","_kad_post_vertical_padding":"","_kad_post_feature":"","_kad_post_feature_position":"","_kad_post_header":false,"_kad_post_footer":false,"_kad_post_classname":"","footnotes":""},"categories":[1],"tags":[20,16,17,19],"class_list":["post-2664","post","type-post","status-publish","format-standard","has-post-thumbnail","hentry","category-noticias-noticias","tag-actualizacioncontinua","tag-alapsi","tag-ciberseguridad","tag-profesionalesenaccion"],"_links":{"self":[{"href":"https:\/\/alapsi.org\/index.php?rest_route=\/wp\/v2\/posts\/2664","targetHints":{"allow":["GET"]}}],"collection":[{"href":"https:\/\/alapsi.org\/index.php?rest_route=\/wp\/v2\/posts"}],"about":[{"href":"https:\/\/alapsi.org\/index.php?rest_route=\/wp\/v2\/types\/post"}],"author":[{"embeddable":true,"href":"https:\/\/alapsi.org\/index.php?rest_route=\/wp\/v2\/users\/5"}],"replies":[{"embeddable":true,"href":"https:\/\/alapsi.org\/index.php?rest_route=%2Fwp%2Fv2%2Fcomments&post=2664"}],"version-history":[{"count":2,"href":"https:\/\/alapsi.org\/index.php?rest_route=\/wp\/v2\/posts\/2664\/revisions"}],"predecessor-version":[{"id":2667,"href":"https:\/\/alapsi.org\/index.php?rest_route=\/wp\/v2\/posts\/2664\/revisions\/2667"}],"wp:featuredmedia":[{"embeddable":true,"href":"https:\/\/alapsi.org\/index.php?rest_route=\/wp\/v2\/media\/2665"}],"wp:attachment":[{"href":"https:\/\/alapsi.org\/index.php?rest_route=%2Fwp%2Fv2%2Fmedia&parent=2664"}],"wp:term":[{"taxonomy":"category","embeddable":true,"href":"https:\/\/alapsi.org\/index.php?rest_route=%2Fwp%2Fv2%2Fcategories&post=2664"},{"taxonomy":"post_tag","embeddable":true,"href":"https:\/\/alapsi.org\/index.php?rest_route=%2Fwp%2Fv2%2Ftags&post=2664"}],"curies":[{"name":"wp","href":"https:\/\/api.w.org\/{rel}","templated":true}]}}